{"id":10732,"date":"2022-09-19T18:01:28","date_gmt":"2022-09-19T18:01:28","guid":{"rendered":"https:\/\/usedomer-musikfestival.de\/di-19-09-23-lyrische-begegnung\/"},"modified":"2023-07-14T18:29:52","modified_gmt":"2023-07-14T18:29:52","slug":"di-19-09-23-lyrische-begegnung","status":"publish","type":"post","link":"https:\/\/usedomer-musikfestival.de\/en\/di-19-09-23-lyrische-begegnung\/","title":{"rendered":"<span class=\"datum\">Di 19.09.23<\/span> Lyrische Begegnung"},"content":{"rendered":"<section class=\"wpb-content-wrapper\"><p>[vc_row css_animation=&#8221;&#8221; row_type=&#8221;row&#8221; use_row_as_full_screen_section=&#8221;no&#8221; type=&#8221;full_width&#8221; angled_section=&#8221;no&#8221; text_align=&#8221;left&#8221; background_image_as_pattern=&#8221;without_pattern&#8221; z_index=&#8221;&#8221;][vc_column][vc_column_text]<\/p>\n<h6>19:30 Uhr, Ev. Kirche, Mellenthin<\/h6>\n<div class=\"wpb_text_column wpb_content_element \">\n<hr>\n<h4>Trio Fabel<\/h4>\n<h4 style=\"padding-left: 40px;\">Anna G\u0101gane (Klarinette)<br \/>\nKristaps Bergs (Violoncello)<br \/>\nLinda Leine (Klavier)<\/h4>\n<\/div>\n<div class=\"wpb_text_column wpb_content_element vc_custom_1671026203468\">\n<div class=\"wpb_wrapper\">\n<hr>\n<p><strong>\u0112riks E\u0161envalds:<\/strong> Trio <em>\u201eReflexionen im Wasser\u201c<\/em> f\u00fcr Klarinette, Okarina und Gl\u00f6ckchen, Cello und Klavier<br \/>\n<strong>Ludwig van Beethoven:<\/strong> Trio (<em>\u201eGassenhauer-Trio\u201c<\/em>) in B-Dur, Op. 11 f\u00fcr Klarinette, Cello und Klavier<br \/>\n<strong>Johannes Brahms:<\/strong> Trio in a-Moll, Op.114 f\u00fcr Klarinette, Cello und Klavier<br \/>\n<strong>Georgs Pel\u0113cis:<\/strong> <em>\u201eLyrisches Triptychon\u201c<\/em> aus lettischen Volksliedern f\u00fcr Klarinette, Cello und Klavier<\/p>\n<hr>\n<p>Ludwig van Beethoven liebte es, die popul\u00e4ren Lieder seiner Zeit in seinen Werken zu verarbeiten. <em>\u201eBevor ich verspreche<\/em>\u201d aus der Oper <em>\u201eDie Seefahrerliebe\u201d<\/em> von Joseph Weigl geh\u00f6rt dazu. Unser Zeitgenosse Georgs Pel\u0113cis verf\u00e4hrt ganz \u00e4hnlich, wenn er aus drei lettischen Volksliedern ein \u201eLyrisches Triptychon\u201d baut. Und was h\u00f6rt man im dritten Satz von Brahms\u2019 Klarinettentrio? Einen behaglich vertr\u00e4umten Walzer! Wie auch das geht, zeigt das junge Spitzenensemble Trio Fabel. Angetreten die Musik ihres Heimatlandes weltweit zu pr\u00e4sentieren, bauen Anna G\u0101gane, Soloklarinettistin des Lettischen Nationalen Sinfonieorchesters, Kristaps Bergs, Konzertmeister der Violoncelli der Br\u00fcsseler Philharmoniker und Linda Leine erstmals auf Usedom musikalische Br\u00fccken zwischen den L\u00e4ndern.<\/p>\n<h6>Tickets 22 \u20ac<\/h6>\n<p>&nbsp;<\/p>\n<\/div>\n<\/div>\n<p>[\/vc_column_text]<a  itemprop=\"url\" href=\"https:\/\/usedomer-musikfestival-ticketshop.reservix.de\/p\/reservix\/event\/2110276\" target=\"_blank\"  class=\"qbutton  big_large_full_width default\" style=\"\">Tickets<\/a>[\/vc_column][vc_column][vc_empty_space height=&#8221;128px&#8221;]<div class=\"qode-blog-carousel-titled\" data-posts-shown=\"3\">\n\t<div class=\"qode-bct-title-holder\" style=\"background-color:#ffffff;color:#00344c\">\n\t\t<a class=\"qode-bct-caroufredsel-prev\" href=\"#\">\n\t\t\t<span class=\"qode-bct-caroufredsel-nav-inner\">\n\t\t\t\t<span class=\"qode-bct-caroufredsel-nav-icon-holder\">\n\t\t\t\t\t<span class=\"arrow_carrot-left\"><\/span>\n\t\t\t\t<\/span>\n\t\t\t<\/span>\n\t\t<\/a>\n\t\t\t\t\t\t\t\t<h3>\n\t\t\t\t\t\tEvents in this period\t\t\t\t\t<\/h3>\n\t\t\t\t<a class=\"qode-bct-caroufredsel-next\" href=\"#\">\n\t\t<span class=\"qode-bct-caroufredsel-nav-inner\">\n\t\t\t<span class=\"qode-bct-caroufredsel-nav-icon-holder\">\n\t\t\t\t<span class=\"arrow_carrot-right\"><\/span>\n\t\t\t<\/span>\n\t\t<\/span>\n\t<\/a>\n\t<\/div>\n\t\t\t<div class=\"qode-bct-posts-holder\">\n\t\t<div class=\"qode-bct-posts\">\n\t\t\t\t\t\t\t\t\t\t\t\t<div class=\"qode-bct-post\">\n\t\t\t\t\t\t\t\t\t\t\t\t\t<div class=\"qode-bct-post-image\">\n\t\t\t\t\t\t\t\t<a href=\"https:\/\/usedomer-musikfestival.de\/en\/sat-16-09-23-opening-concert\/\" itemprop=\"url\">\n\t\t\t\t\t\t\t\t\t<img loading=\"lazy\" decoding=\"async\" width=\"2292\" height=\"2292\" src=\"https:\/\/usedomer-musikfestival.de\/wp-content\/uploads\/2022\/09\/Usedomer-Musikfestival-2023_09-16_Eroeffnungskonzert-1.jpg\" class=\"attachment-full size-full wp-post-image\" alt=\"\" srcset=\"https:\/\/usedomer-musikfestival.de\/wp-content\/uploads\/2022\/09\/Usedomer-Musikfestival-2023_09-16_Eroeffnungskonzert-1.jpg 2292w, https:\/\/usedomer-musikfestival.de\/wp-content\/uploads\/2022\/09\/Usedomer-Musikfestival-2023_09-16_Eroeffnungskonzert-1-300x300.jpg 300w, https:\/\/usedomer-musikfestival.de\/wp-content\/uploads\/2022\/09\/Usedomer-Musikfestival-2023_09-16_Eroeffnungskonzert-1-1024x1024.jpg 1024w, https:\/\/usedomer-musikfestival.de\/wp-content\/uploads\/2022\/09\/Usedomer-Musikfestival-2023_09-16_Eroeffnungskonzert-1-150x150.jpg 150w, https:\/\/usedomer-musikfestival.de\/wp-content\/uploads\/2022\/09\/Usedomer-Musikfestival-2023_09-16_Eroeffnungskonzert-1-768x768.jpg 768w, https:\/\/usedomer-musikfestival.de\/wp-content\/uploads\/2022\/09\/Usedomer-Musikfestival-2023_09-16_Eroeffnungskonzert-1-1536x1536.jpg 1536w, https:\/\/usedomer-musikfestival.de\/wp-content\/uploads\/2022\/09\/Usedomer-Musikfestival-2023_09-16_Eroeffnungskonzert-1-2048x2048.jpg 2048w, https:\/\/usedomer-musikfestival.de\/wp-content\/uploads\/2022\/09\/Usedomer-Musikfestival-2023_09-16_Eroeffnungskonzert-1-570x570.jpg 570w, https:\/\/usedomer-musikfestival.de\/wp-content\/uploads\/2022\/09\/Usedomer-Musikfestival-2023_09-16_Eroeffnungskonzert-1-500x500.jpg 500w, https:\/\/usedomer-musikfestival.de\/wp-content\/uploads\/2022\/09\/Usedomer-Musikfestival-2023_09-16_Eroeffnungskonzert-1-1000x1000.jpg 1000w, https:\/\/usedomer-musikfestival.de\/wp-content\/uploads\/2022\/09\/Usedomer-Musikfestival-2023_09-16_Eroeffnungskonzert-1-700x700.jpg 700w\" sizes=\"auto, (max-width: 2292px) 100vw, 2292px\" \/>\t\t\t\t\t\t\t\t<\/a>\n\t\t\t\t\t\t\t<\/div>\n\t\t\t\t\t\t\t\t\t\t\t\t<div class=\"qode-bct-post-text\">\n\t\t\t\t\t\t\t<h5 class=\"qode-bct-post-title entry_title\" itemprop=\"name\">\n\t\t\t\t\t\t\t\t<a href=\"https:\/\/usedomer-musikfestival.de\/en\/sat-16-09-23-opening-concert\/\" itemprop=\"url\"><span class=\"datum\">Sat 16.09.23<\/span> Opening concert<\/a>\n\t\t\t\t\t\t\t<\/h5>\n\t\t\t\t\t\t\t\t\t\t\t\t\t\t<p itemprop=\"description\" class = \"qode-bct-post-excerpt\"> 8 p.m., Peenem\u00fcnde Museum Power Plant  <\/br>\n<b>Baltic Sea Philharmonic<\/b><\/br>\n<b>Kristjan J\u00e4rvi<\/b> (Conductor)<\/p>\n\t\t\t\t\t\t\t<div class=\"qode-bct-post-date entry_date updated\" itemprop=\"dateCreated\">\n\t\t\t\t\t\t\t\t16.09.2022\t\t\t\t\t\t\t\t<meta itemprop=\"interactionCount\" content=\"UserComments: 0\"\/>\n\t\t\t\t\t\t\t<\/div>\n\t\t\t\t\t\t<\/div>\n\t\t\t\t\t<\/div>\n\t\t\t\t\t\t\t\t\t\t\t\t<div class=\"qode-bct-post\">\n\t\t\t\t\t\t\t\t\t\t\t\t\t<div class=\"qode-bct-post-image\">\n\t\t\t\t\t\t\t\t<a href=\"https:\/\/usedomer-musikfestival.de\/en\/sun-17-09-23-recital-with-marina-rebeka\/\" itemprop=\"url\">\n\t\t\t\t\t\t\t\t\t<img loading=\"lazy\" decoding=\"async\" width=\"1536\" height=\"1536\" src=\"https:\/\/usedomer-musikfestival.de\/wp-content\/uploads\/2022\/09\/geringas.jpg\" class=\"attachment-full size-full wp-post-image\" alt=\"\" srcset=\"https:\/\/usedomer-musikfestival.de\/wp-content\/uploads\/2022\/09\/geringas.jpg 1536w, https:\/\/usedomer-musikfestival.de\/wp-content\/uploads\/2022\/09\/geringas-300x300.jpg 300w, https:\/\/usedomer-musikfestival.de\/wp-content\/uploads\/2022\/09\/geringas-1024x1024.jpg 1024w, https:\/\/usedomer-musikfestival.de\/wp-content\/uploads\/2022\/09\/geringas-150x150.jpg 150w, https:\/\/usedomer-musikfestival.de\/wp-content\/uploads\/2022\/09\/geringas-768x768.jpg 768w, https:\/\/usedomer-musikfestival.de\/wp-content\/uploads\/2022\/09\/geringas-570x570.jpg 570w, https:\/\/usedomer-musikfestival.de\/wp-content\/uploads\/2022\/09\/geringas-500x500.jpg 500w, https:\/\/usedomer-musikfestival.de\/wp-content\/uploads\/2022\/09\/geringas-1000x1000.jpg 1000w, https:\/\/usedomer-musikfestival.de\/wp-content\/uploads\/2022\/09\/geringas-700x700.jpg 700w\" sizes=\"auto, (max-width: 1536px) 100vw, 1536px\" \/>\t\t\t\t\t\t\t\t<\/a>\n\t\t\t\t\t\t\t<\/div>\n\t\t\t\t\t\t\t\t\t\t\t\t<div class=\"qode-bct-post-text\">\n\t\t\t\t\t\t\t<h5 class=\"qode-bct-post-title entry_title\" itemprop=\"name\">\n\t\t\t\t\t\t\t\t<a href=\"https:\/\/usedomer-musikfestival.de\/en\/sun-17-09-23-recital-with-marina-rebeka\/\" itemprop=\"url\"><span class=\"datum\">Sun 17.09.23<\/span> Recital with Marina Rebeka<\/a>\n\t\t\t\t\t\t\t<\/h5>\n\t\t\t\t\t\t\t\t\t\t\t\t\t\t<p itemprop=\"description\" class = \"qode-bct-post-excerpt\"> 19:30, Ev. church, seaside resort Ahlbeck <\/br>\n<b>Marina Rebeka<\/b> (Soprano)<\/br>\n<b>Mathieu Pordoy<\/b> (piano)<\/p>\n\t\t\t\t\t\t\t<div class=\"qode-bct-post-date entry_date updated\" itemprop=\"dateCreated\">\n\t\t\t\t\t\t\t\t17.09.2022\t\t\t\t\t\t\t\t<meta itemprop=\"interactionCount\" content=\"UserComments: 0\"\/>\n\t\t\t\t\t\t\t<\/div>\n\t\t\t\t\t\t<\/div>\n\t\t\t\t\t<\/div>\n\t\t\t\t\t\t\t\t\t\t\t\t<div class=\"qode-bct-post\">\n\t\t\t\t\t\t\t\t\t\t\t\t\t<div class=\"qode-bct-post-image\">\n\t\t\t\t\t\t\t\t<a href=\"https:\/\/usedomer-musikfestival.de\/en\/sun-17-09-23-exhibition-opening\/\" itemprop=\"url\">\n\t\t\t\t\t\t\t\t\t<img loading=\"lazy\" decoding=\"async\" width=\"2292\" height=\"2292\" src=\"https:\/\/usedomer-musikfestival.de\/wp-content\/uploads\/2022\/09\/Usedomer-Musikfestival-2023_09-17_Ausstellungseroeffnung-1.jpg\" class=\"attachment-full size-full wp-post-image\" alt=\"\" srcset=\"https:\/\/usedomer-musikfestival.de\/wp-content\/uploads\/2022\/09\/Usedomer-Musikfestival-2023_09-17_Ausstellungseroeffnung-1.jpg 2292w, https:\/\/usedomer-musikfestival.de\/wp-content\/uploads\/2022\/09\/Usedomer-Musikfestival-2023_09-17_Ausstellungseroeffnung-1-300x300.jpg 300w, https:\/\/usedomer-musikfestival.de\/wp-content\/uploads\/2022\/09\/Usedomer-Musikfestival-2023_09-17_Ausstellungseroeffnung-1-1024x1024.jpg 1024w, https:\/\/usedomer-musikfestival.de\/wp-content\/uploads\/2022\/09\/Usedomer-Musikfestival-2023_09-17_Ausstellungseroeffnung-1-150x150.jpg 150w, https:\/\/usedomer-musikfestival.de\/wp-content\/uploads\/2022\/09\/Usedomer-Musikfestival-2023_09-17_Ausstellungseroeffnung-1-768x768.jpg 768w, https:\/\/usedomer-musikfestival.de\/wp-content\/uploads\/2022\/09\/Usedomer-Musikfestival-2023_09-17_Ausstellungseroeffnung-1-1536x1536.jpg 1536w, https:\/\/usedomer-musikfestival.de\/wp-content\/uploads\/2022\/09\/Usedomer-Musikfestival-2023_09-17_Ausstellungseroeffnung-1-2048x2048.jpg 2048w, https:\/\/usedomer-musikfestival.de\/wp-content\/uploads\/2022\/09\/Usedomer-Musikfestival-2023_09-17_Ausstellungseroeffnung-1-570x570.jpg 570w, https:\/\/usedomer-musikfestival.de\/wp-content\/uploads\/2022\/09\/Usedomer-Musikfestival-2023_09-17_Ausstellungseroeffnung-1-500x500.jpg 500w, https:\/\/usedomer-musikfestival.de\/wp-content\/uploads\/2022\/09\/Usedomer-Musikfestival-2023_09-17_Ausstellungseroeffnung-1-1000x1000.jpg 1000w, https:\/\/usedomer-musikfestival.de\/wp-content\/uploads\/2022\/09\/Usedomer-Musikfestival-2023_09-17_Ausstellungseroeffnung-1-700x700.jpg 700w\" sizes=\"auto, (max-width: 2292px) 100vw, 2292px\" \/>\t\t\t\t\t\t\t\t<\/a>\n\t\t\t\t\t\t\t<\/div>\n\t\t\t\t\t\t\t\t\t\t\t\t<div class=\"qode-bct-post-text\">\n\t\t\t\t\t\t\t<h5 class=\"qode-bct-post-title entry_title\" itemprop=\"name\">\n\t\t\t\t\t\t\t\t<a href=\"https:\/\/usedomer-musikfestival.de\/en\/sun-17-09-23-exhibition-opening\/\" itemprop=\"url\"><span class=\"datum\">Sun 17.09.23<\/span> Exhibition opening<\/a>\n\t\t\t\t\t\t\t<\/h5>\n\t\t\t\t\t\t\t\t\t\t\t\t\t\t<p itemprop=\"description\" class = \"qode-bct-post-excerpt\"> 11:00, Villa Irmgard, seaside resort Heringsdorf<\/br>\n<b>Dr. Agnese Bergholde-Wolf <\/b> (Lecture)<\/br>\n<b>Jan Brachmann<\/b> (piano)<\/p>\n\t\t\t\t\t\t\t<div class=\"qode-bct-post-date entry_date updated\" itemprop=\"dateCreated\">\n\t\t\t\t\t\t\t\t17.09.2022\t\t\t\t\t\t\t\t<meta itemprop=\"interactionCount\" content=\"UserComments: 0\"\/>\n\t\t\t\t\t\t\t<\/div>\n\t\t\t\t\t\t<\/div>\n\t\t\t\t\t<\/div>\n\t\t\t\t\t\t\t\t\t\t\t\t<div class=\"qode-bct-post\">\n\t\t\t\t\t\t\t\t\t\t\t\t\t<div class=\"qode-bct-post-image\">\n\t\t\t\t\t\t\t\t<a href=\"https:\/\/usedomer-musikfestival.de\/en\/mon-18-09-23-vineta-dreams\/\" itemprop=\"url\">\n\t\t\t\t\t\t\t\t\t<img loading=\"lazy\" decoding=\"async\" width=\"2292\" height=\"2292\" src=\"https:\/\/usedomer-musikfestival.de\/wp-content\/uploads\/2022\/09\/Usedomer-Musikfestival-2023_09-18_Vineta-Traeume.jpg\" class=\"attachment-full size-full wp-post-image\" alt=\"\" srcset=\"https:\/\/usedomer-musikfestival.de\/wp-content\/uploads\/2022\/09\/Usedomer-Musikfestival-2023_09-18_Vineta-Traeume.jpg 2292w, https:\/\/usedomer-musikfestival.de\/wp-content\/uploads\/2022\/09\/Usedomer-Musikfestival-2023_09-18_Vineta-Traeume-300x300.jpg 300w, https:\/\/usedomer-musikfestival.de\/wp-content\/uploads\/2022\/09\/Usedomer-Musikfestival-2023_09-18_Vineta-Traeume-1024x1024.jpg 1024w, https:\/\/usedomer-musikfestival.de\/wp-content\/uploads\/2022\/09\/Usedomer-Musikfestival-2023_09-18_Vineta-Traeume-150x150.jpg 150w, https:\/\/usedomer-musikfestival.de\/wp-content\/uploads\/2022\/09\/Usedomer-Musikfestival-2023_09-18_Vineta-Traeume-768x768.jpg 768w, https:\/\/usedomer-musikfestival.de\/wp-content\/uploads\/2022\/09\/Usedomer-Musikfestival-2023_09-18_Vineta-Traeume-1536x1536.jpg 1536w, https:\/\/usedomer-musikfestival.de\/wp-content\/uploads\/2022\/09\/Usedomer-Musikfestival-2023_09-18_Vineta-Traeume-2048x2048.jpg 2048w, https:\/\/usedomer-musikfestival.de\/wp-content\/uploads\/2022\/09\/Usedomer-Musikfestival-2023_09-18_Vineta-Traeume-570x570.jpg 570w, https:\/\/usedomer-musikfestival.de\/wp-content\/uploads\/2022\/09\/Usedomer-Musikfestival-2023_09-18_Vineta-Traeume-500x500.jpg 500w, https:\/\/usedomer-musikfestival.de\/wp-content\/uploads\/2022\/09\/Usedomer-Musikfestival-2023_09-18_Vineta-Traeume-1000x1000.jpg 1000w, https:\/\/usedomer-musikfestival.de\/wp-content\/uploads\/2022\/09\/Usedomer-Musikfestival-2023_09-18_Vineta-Traeume-700x700.jpg 700w\" sizes=\"auto, (max-width: 2292px) 100vw, 2292px\" \/>\t\t\t\t\t\t\t\t<\/a>\n\t\t\t\t\t\t\t<\/div>\n\t\t\t\t\t\t\t\t\t\t\t\t<div class=\"qode-bct-post-text\">\n\t\t\t\t\t\t\t<h5 class=\"qode-bct-post-title entry_title\" itemprop=\"name\">\n\t\t\t\t\t\t\t\t<a href=\"https:\/\/usedomer-musikfestival.de\/en\/mon-18-09-23-vineta-dreams\/\" itemprop=\"url\"><span class=\"datum\">Mon 18.09.23<\/span> Vineta dreams<\/a>\n\t\t\t\t\t\t\t<\/h5>\n\t\t\t\t\t\t\t\t\t\t\t\t\t\t<p itemprop=\"description\" class = \"qode-bct-post-excerpt\"> 19:30, House of the guest, seaside resort Bansin<\/br>\n<b>ALTERA VERITAS<\/b><\/p>\n\t\t\t\t\t\t\t<div class=\"qode-bct-post-date entry_date updated\" itemprop=\"dateCreated\">\n\t\t\t\t\t\t\t\t18.09.2022\t\t\t\t\t\t\t\t<meta itemprop=\"interactionCount\" content=\"UserComments: 0\"\/>\n\t\t\t\t\t\t\t<\/div>\n\t\t\t\t\t\t<\/div>\n\t\t\t\t\t<\/div>\n\t\t\t\t\t\t\t\t\t\t\t\t<div class=\"qode-bct-post\">\n\t\t\t\t\t\t\t\t\t\t\t\t\t<div class=\"qode-bct-post-image\">\n\t\t\t\t\t\t\t\t<a href=\"https:\/\/usedomer-musikfestival.de\/en\/di-19-09-23-lyrische-begegnung\/\" itemprop=\"url\">\n\t\t\t\t\t\t\t\t\t<img loading=\"lazy\" decoding=\"async\" width=\"2292\" height=\"2292\" src=\"https:\/\/usedomer-musikfestival.de\/wp-content\/uploads\/2022\/09\/Usedomer-Musikfestival-2023_09-19_Lyrische-Begegnung.jpg\" class=\"attachment-full size-full wp-post-image\" alt=\"\" srcset=\"https:\/\/usedomer-musikfestival.de\/wp-content\/uploads\/2022\/09\/Usedomer-Musikfestival-2023_09-19_Lyrische-Begegnung.jpg 2292w, https:\/\/usedomer-musikfestival.de\/wp-content\/uploads\/2022\/09\/Usedomer-Musikfestival-2023_09-19_Lyrische-Begegnung-300x300.jpg 300w, https:\/\/usedomer-musikfestival.de\/wp-content\/uploads\/2022\/09\/Usedomer-Musikfestival-2023_09-19_Lyrische-Begegnung-1024x1024.jpg 1024w, https:\/\/usedomer-musikfestival.de\/wp-content\/uploads\/2022\/09\/Usedomer-Musikfestival-2023_09-19_Lyrische-Begegnung-150x150.jpg 150w, https:\/\/usedomer-musikfestival.de\/wp-content\/uploads\/2022\/09\/Usedomer-Musikfestival-2023_09-19_Lyrische-Begegnung-768x768.jpg 768w, https:\/\/usedomer-musikfestival.de\/wp-content\/uploads\/2022\/09\/Usedomer-Musikfestival-2023_09-19_Lyrische-Begegnung-1536x1536.jpg 1536w, https:\/\/usedomer-musikfestival.de\/wp-content\/uploads\/2022\/09\/Usedomer-Musikfestival-2023_09-19_Lyrische-Begegnung-2048x2048.jpg 2048w, https:\/\/usedomer-musikfestival.de\/wp-content\/uploads\/2022\/09\/Usedomer-Musikfestival-2023_09-19_Lyrische-Begegnung-570x570.jpg 570w, https:\/\/usedomer-musikfestival.de\/wp-content\/uploads\/2022\/09\/Usedomer-Musikfestival-2023_09-19_Lyrische-Begegnung-500x500.jpg 500w, https:\/\/usedomer-musikfestival.de\/wp-content\/uploads\/2022\/09\/Usedomer-Musikfestival-2023_09-19_Lyrische-Begegnung-1000x1000.jpg 1000w, https:\/\/usedomer-musikfestival.de\/wp-content\/uploads\/2022\/09\/Usedomer-Musikfestival-2023_09-19_Lyrische-Begegnung-700x700.jpg 700w\" sizes=\"auto, (max-width: 2292px) 100vw, 2292px\" \/>\t\t\t\t\t\t\t\t<\/a>\n\t\t\t\t\t\t\t<\/div>\n\t\t\t\t\t\t\t\t\t\t\t\t<div class=\"qode-bct-post-text\">\n\t\t\t\t\t\t\t<h5 class=\"qode-bct-post-title entry_title\" itemprop=\"name\">\n\t\t\t\t\t\t\t\t<a href=\"https:\/\/usedomer-musikfestival.de\/en\/di-19-09-23-lyrische-begegnung\/\" itemprop=\"url\"><span class=\"datum\">Di 19.09.23<\/span> Lyrische Begegnung<\/a>\n\t\t\t\t\t\t\t<\/h5>\n\t\t\t\t\t\t\t\t\t\t\t\t\t\t<p itemprop=\"description\" class = \"qode-bct-post-excerpt\"> 19:30 Uhr, Ev. Kirche, Mellenthin<\/br>\n<b>Trio Fabel<\/b><\/p>\n\t\t\t\t\t\t\t<div class=\"qode-bct-post-date entry_date updated\" itemprop=\"dateCreated\">\n\t\t\t\t\t\t\t\t19.09.2022\t\t\t\t\t\t\t\t<meta itemprop=\"interactionCount\" content=\"UserComments: 0\"\/>\n\t\t\t\t\t\t\t<\/div>\n\t\t\t\t\t\t<\/div>\n\t\t\t\t\t<\/div>\n\t\t\t\t\t\t\t\t\t\t\t\t<div class=\"qode-bct-post\">\n\t\t\t\t\t\t\t\t\t\t\t\t\t<div class=\"qode-bct-post-image\">\n\t\t\t\t\t\t\t\t<a href=\"https:\/\/usedomer-musikfestival.de\/en\/thu-21-09-23-musical-island-tour\/\" itemprop=\"url\">\n\t\t\t\t\t\t\t\t\t<img loading=\"lazy\" decoding=\"async\" width=\"2292\" height=\"2292\" src=\"https:\/\/usedomer-musikfestival.de\/wp-content\/uploads\/2022\/09\/Usedomer-Musikfestival-2023_09-21_Musikalische-Inselrundfahrt.jpg\" class=\"attachment-full size-full wp-post-image\" alt=\"\" srcset=\"https:\/\/usedomer-musikfestival.de\/wp-content\/uploads\/2022\/09\/Usedomer-Musikfestival-2023_09-21_Musikalische-Inselrundfahrt.jpg 2292w, https:\/\/usedomer-musikfestival.de\/wp-content\/uploads\/2022\/09\/Usedomer-Musikfestival-2023_09-21_Musikalische-Inselrundfahrt-300x300.jpg 300w, https:\/\/usedomer-musikfestival.de\/wp-content\/uploads\/2022\/09\/Usedomer-Musikfestival-2023_09-21_Musikalische-Inselrundfahrt-1024x1024.jpg 1024w, https:\/\/usedomer-musikfestival.de\/wp-content\/uploads\/2022\/09\/Usedomer-Musikfestival-2023_09-21_Musikalische-Inselrundfahrt-150x150.jpg 150w, https:\/\/usedomer-musikfestival.de\/wp-content\/uploads\/2022\/09\/Usedomer-Musikfestival-2023_09-21_Musikalische-Inselrundfahrt-768x768.jpg 768w, https:\/\/usedomer-musikfestival.de\/wp-content\/uploads\/2022\/09\/Usedomer-Musikfestival-2023_09-21_Musikalische-Inselrundfahrt-1536x1536.jpg 1536w, https:\/\/usedomer-musikfestival.de\/wp-content\/uploads\/2022\/09\/Usedomer-Musikfestival-2023_09-21_Musikalische-Inselrundfahrt-2048x2048.jpg 2048w, https:\/\/usedomer-musikfestival.de\/wp-content\/uploads\/2022\/09\/Usedomer-Musikfestival-2023_09-21_Musikalische-Inselrundfahrt-570x570.jpg 570w, https:\/\/usedomer-musikfestival.de\/wp-content\/uploads\/2022\/09\/Usedomer-Musikfestival-2023_09-21_Musikalische-Inselrundfahrt-500x500.jpg 500w, https:\/\/usedomer-musikfestival.de\/wp-content\/uploads\/2022\/09\/Usedomer-Musikfestival-2023_09-21_Musikalische-Inselrundfahrt-1000x1000.jpg 1000w, https:\/\/usedomer-musikfestival.de\/wp-content\/uploads\/2022\/09\/Usedomer-Musikfestival-2023_09-21_Musikalische-Inselrundfahrt-700x700.jpg 700w\" sizes=\"auto, (max-width: 2292px) 100vw, 2292px\" \/>\t\t\t\t\t\t\t\t<\/a>\n\t\t\t\t\t\t\t<\/div>\n\t\t\t\t\t\t\t\t\t\t\t\t<div class=\"qode-bct-post-text\">\n\t\t\t\t\t\t\t<h5 class=\"qode-bct-post-title entry_title\" itemprop=\"name\">\n\t\t\t\t\t\t\t\t<a href=\"https:\/\/usedomer-musikfestival.de\/en\/thu-21-09-23-musical-island-tour\/\" itemprop=\"url\"><span class=\"datum\">Thu 21.09.23<\/span> Musical island tour<\/a>\n\t\t\t\t\t\t\t<\/h5>\n\t\t\t\t\t\t\t\t\t\t\t\t\t\t<p itemprop=\"description\" class = \"qode-bct-post-excerpt\"> 10-17 h, meeting point: Ev. church, seaside resort Ahlbeck<\/br>\n<b>Benjamin Saupe<\/b> (organ)<\/br>\n<b>Participants of the Baltic Sea Music Forum<\/b> (cello)<\/br>\n<b>B\u00e4rbel Finn<\/b> (tour guide)<\/p>\n\t\t\t\t\t\t\t<div class=\"qode-bct-post-date entry_date updated\" itemprop=\"dateCreated\">\n\t\t\t\t\t\t\t\t21.09.2022\t\t\t\t\t\t\t\t<meta itemprop=\"interactionCount\" content=\"UserComments: 0\"\/>\n\t\t\t\t\t\t\t<\/div>\n\t\t\t\t\t\t<\/div>\n\t\t\t\t\t<\/div>\n\t\t\t\t\t<\/div>\n\t\t<\/div>\n\t<\/div><a  itemprop=\"url\" href=\"\/program\/\" target=\"_self\"  class=\"qbutton  big_large_full_width center default\" style=\"\">Program overview<\/a>[vc_empty_space height=&#8221;64px&#8221;][\/vc_column][\/vc_row]<\/p>\n<\/section>","protected":false},"excerpt":{"rendered":"<p>19:30 Uhr, Ev. Kirche, Mellenthin<\/br><br \/>\n<b>Trio Fabel<\/b><\/p>\n","protected":false},"author":1,"featured_media":9669,"comment_status":"closed","ping_status":"closed","sticky":false,"template":"","format":"standard","meta":{"_coblocks_attr":"","_coblocks_dimensions":"","_coblocks_responsive_height":"","_coblocks_accordion_ie_support":"","inline_featured_image":false,"footnotes":""},"categories":[69,65],"tags":[],"class_list":["post-10732","post","type-post","status-publish","format-standard","has-post-thumbnail","hentry","category-2023week1-en","category-umf2023-en"],"yoast_head":"<!-- This site is optimized with the Yoast SEO plugin v27.5 - https:\/\/yoast.com\/product\/yoast-seo-wordpress\/ -->\n<title>Di 19.09.23 Lyrische Begegnung - Usedomer Musikfestival<\/title>\n<meta name=\"description\" content=\"19.30 Uhr, Ev. Kirche, Mellenthin Trio Fabel Anna G\u0101gane (Klarinette) Kristaps Bergs (Violoncello) Linda Leine (Klavier)\" \/>\n<meta name=\"robots\" content=\"index, follow, max-snippet:-1, max-image-preview:large, max-video-preview:-1\" \/>\n<link rel=\"canonical\" href=\"https:\/\/usedomer-musikfestival.de\/en\/di-19-09-23-lyrische-begegnung\/\" \/>\n<meta property=\"og:locale\" content=\"en_US\" \/>\n<meta property=\"og:type\" content=\"article\" \/>\n<meta property=\"og:title\" content=\"Di 19.09.23 Lyrische Begegnung - Usedomer Musikfestival\" \/>\n<meta property=\"og:description\" content=\"19.30 Uhr, Ev. Kirche, Mellenthin Trio Fabel Anna G\u0101gane (Klarinette) Kristaps Bergs (Violoncello) Linda Leine (Klavier)\" \/>\n<meta property=\"og:url\" content=\"https:\/\/usedomer-musikfestival.de\/en\/di-19-09-23-lyrische-begegnung\/\" \/>\n<meta property=\"og:site_name\" content=\"Usedomer Musikfestival\" \/>\n<meta property=\"article:publisher\" content=\"https:\/\/www.facebook.com\/UsedomerMusikfestival\" \/>\n<meta property=\"article:published_time\" content=\"2022-09-19T18:01:28+00:00\" \/>\n<meta property=\"article:modified_time\" content=\"2023-07-14T18:29:52+00:00\" \/>\n<meta property=\"og:image\" content=\"https:\/\/usedomer-musikfestival.de\/wp-content\/uploads\/2022\/09\/Usedomer-Musikfestival-2023_09-19_Lyrische-Begegnung.jpg\" \/>\n\t<meta property=\"og:image:width\" content=\"2292\" \/>\n\t<meta property=\"og:image:height\" content=\"2292\" \/>\n\t<meta property=\"og:image:type\" content=\"image\/jpeg\" \/>\n<meta name=\"author\" content=\"susy2space\" \/>\n<meta name=\"twitter:card\" content=\"summary_large_image\" \/>\n<meta name=\"twitter:label1\" content=\"Written by\" \/>\n\t<meta name=\"twitter:data1\" content=\"susy2space\" \/>\n\t<meta name=\"twitter:label2\" content=\"Est. reading time\" \/>\n\t<meta name=\"twitter:data2\" content=\"2 minutes\" \/>\n<script type=\"application\/ld+json\" class=\"yoast-schema-graph\">{\"@context\":\"https:\\\/\\\/schema.org\",\"@graph\":[{\"@type\":\"Article\",\"@id\":\"https:\\\/\\\/usedomer-musikfestival.de\\\/en\\\/di-19-09-23-lyrische-begegnung\\\/#article\",\"isPartOf\":{\"@id\":\"https:\\\/\\\/usedomer-musikfestival.de\\\/en\\\/di-19-09-23-lyrische-begegnung\\\/\"},\"author\":{\"name\":\"susy2space\",\"@id\":\"https:\\\/\\\/usedomer-musikfestival.de\\\/en\\\/#\\\/schema\\\/person\\\/2d6eb8f49627bd29e58eabb40a906ef0\"},\"headline\":\"Di 19.09.23 Lyrische Begegnung\",\"datePublished\":\"2022-09-19T18:01:28+00:00\",\"dateModified\":\"2023-07-14T18:29:52+00:00\",\"mainEntityOfPage\":{\"@id\":\"https:\\\/\\\/usedomer-musikfestival.de\\\/en\\\/di-19-09-23-lyrische-begegnung\\\/\"},\"wordCount\":319,\"publisher\":{\"@id\":\"https:\\\/\\\/usedomer-musikfestival.de\\\/en\\\/#organization\"},\"image\":{\"@id\":\"https:\\\/\\\/usedomer-musikfestival.de\\\/en\\\/di-19-09-23-lyrische-begegnung\\\/#primaryimage\"},\"thumbnailUrl\":\"https:\\\/\\\/usedomer-musikfestival.de\\\/wp-content\\\/uploads\\\/2022\\\/09\\\/Usedomer-Musikfestival-2023_09-19_Lyrische-Begegnung.jpg\",\"articleSection\":[\"2023week1\",\"UMF2023\"],\"inLanguage\":\"en-US\"},{\"@type\":\"WebPage\",\"@id\":\"https:\\\/\\\/usedomer-musikfestival.de\\\/en\\\/di-19-09-23-lyrische-begegnung\\\/\",\"url\":\"https:\\\/\\\/usedomer-musikfestival.de\\\/en\\\/di-19-09-23-lyrische-begegnung\\\/\",\"name\":\"Di 19.09.23 Lyrische Begegnung - Usedomer Musikfestival\",\"isPartOf\":{\"@id\":\"https:\\\/\\\/usedomer-musikfestival.de\\\/en\\\/#website\"},\"primaryImageOfPage\":{\"@id\":\"https:\\\/\\\/usedomer-musikfestival.de\\\/en\\\/di-19-09-23-lyrische-begegnung\\\/#primaryimage\"},\"image\":{\"@id\":\"https:\\\/\\\/usedomer-musikfestival.de\\\/en\\\/di-19-09-23-lyrische-begegnung\\\/#primaryimage\"},\"thumbnailUrl\":\"https:\\\/\\\/usedomer-musikfestival.de\\\/wp-content\\\/uploads\\\/2022\\\/09\\\/Usedomer-Musikfestival-2023_09-19_Lyrische-Begegnung.jpg\",\"datePublished\":\"2022-09-19T18:01:28+00:00\",\"dateModified\":\"2023-07-14T18:29:52+00:00\",\"description\":\"19.30 Uhr, Ev. Kirche, Mellenthin Trio Fabel Anna G\u0101gane (Klarinette) Kristaps Bergs (Violoncello) Linda Leine (Klavier)\",\"breadcrumb\":{\"@id\":\"https:\\\/\\\/usedomer-musikfestival.de\\\/en\\\/di-19-09-23-lyrische-begegnung\\\/#breadcrumb\"},\"inLanguage\":\"en-US\",\"potentialAction\":[{\"@type\":\"ReadAction\",\"target\":[\"https:\\\/\\\/usedomer-musikfestival.de\\\/en\\\/di-19-09-23-lyrische-begegnung\\\/\"]}]},{\"@type\":\"ImageObject\",\"inLanguage\":\"en-US\",\"@id\":\"https:\\\/\\\/usedomer-musikfestival.de\\\/en\\\/di-19-09-23-lyrische-begegnung\\\/#primaryimage\",\"url\":\"https:\\\/\\\/usedomer-musikfestival.de\\\/wp-content\\\/uploads\\\/2022\\\/09\\\/Usedomer-Musikfestival-2023_09-19_Lyrische-Begegnung.jpg\",\"contentUrl\":\"https:\\\/\\\/usedomer-musikfestival.de\\\/wp-content\\\/uploads\\\/2022\\\/09\\\/Usedomer-Musikfestival-2023_09-19_Lyrische-Begegnung.jpg\",\"width\":2292,\"height\":2292},{\"@type\":\"BreadcrumbList\",\"@id\":\"https:\\\/\\\/usedomer-musikfestival.de\\\/en\\\/di-19-09-23-lyrische-begegnung\\\/#breadcrumb\",\"itemListElement\":[{\"@type\":\"ListItem\",\"position\":1,\"name\":\"Home\",\"item\":\"https:\\\/\\\/usedomer-musikfestival.de\\\/en\\\/umf2026\\\/\"},{\"@type\":\"ListItem\",\"position\":2,\"name\":\"Di 19.09.23 Lyrische Begegnung\"}]},{\"@type\":\"WebSite\",\"@id\":\"https:\\\/\\\/usedomer-musikfestival.de\\\/en\\\/#website\",\"url\":\"https:\\\/\\\/usedomer-musikfestival.de\\\/en\\\/\",\"name\":\"Usedomer Musikfestival\",\"description\":\"Usedomer Musikfestival\",\"publisher\":{\"@id\":\"https:\\\/\\\/usedomer-musikfestival.de\\\/en\\\/#organization\"},\"potentialAction\":[{\"@type\":\"SearchAction\",\"target\":{\"@type\":\"EntryPoint\",\"urlTemplate\":\"https:\\\/\\\/usedomer-musikfestival.de\\\/en\\\/?s={search_term_string}\"},\"query-input\":{\"@type\":\"PropertyValueSpecification\",\"valueRequired\":true,\"valueName\":\"search_term_string\"}}],\"inLanguage\":\"en-US\"},{\"@type\":\"Organization\",\"@id\":\"https:\\\/\\\/usedomer-musikfestival.de\\\/en\\\/#organization\",\"name\":\"Usedomer Musikfestival\",\"url\":\"https:\\\/\\\/usedomer-musikfestival.de\\\/en\\\/\",\"logo\":{\"@type\":\"ImageObject\",\"inLanguage\":\"en-US\",\"@id\":\"https:\\\/\\\/usedomer-musikfestival.de\\\/en\\\/#\\\/schema\\\/logo\\\/image\\\/\",\"url\":\"https:\\\/\\\/usedomer-musikfestival.de\\\/wp-content\\\/uploads\\\/2022\\\/12\\\/SP_Logo_UMF-LogoUMF_freigestellt_weiss-oqkde962mwtav90ty28stg21s7xo13evdk91ftj49y.png\",\"contentUrl\":\"https:\\\/\\\/usedomer-musikfestival.de\\\/wp-content\\\/uploads\\\/2022\\\/12\\\/SP_Logo_UMF-LogoUMF_freigestellt_weiss-oqkde962mwtav90ty28stg21s7xo13evdk91ftj49y.png\",\"width\":200,\"height\":87,\"caption\":\"Usedomer Musikfestival\"},\"image\":{\"@id\":\"https:\\\/\\\/usedomer-musikfestival.de\\\/en\\\/#\\\/schema\\\/logo\\\/image\\\/\"},\"sameAs\":[\"https:\\\/\\\/www.facebook.com\\\/UsedomerMusikfestival\"]},{\"@type\":\"Person\",\"@id\":\"https:\\\/\\\/usedomer-musikfestival.de\\\/en\\\/#\\\/schema\\\/person\\\/2d6eb8f49627bd29e58eabb40a906ef0\",\"name\":\"susy2space\",\"image\":{\"@type\":\"ImageObject\",\"inLanguage\":\"en-US\",\"@id\":\"https:\\\/\\\/secure.gravatar.com\\\/avatar\\\/d425260aab5953f794dbaf8c970b4741614b7a563b1eea45d90cda5e2561353a?s=96&d=mm&r=g\",\"url\":\"https:\\\/\\\/secure.gravatar.com\\\/avatar\\\/d425260aab5953f794dbaf8c970b4741614b7a563b1eea45d90cda5e2561353a?s=96&d=mm&r=g\",\"contentUrl\":\"https:\\\/\\\/secure.gravatar.com\\\/avatar\\\/d425260aab5953f794dbaf8c970b4741614b7a563b1eea45d90cda5e2561353a?s=96&d=mm&r=g\",\"caption\":\"susy2space\"},\"sameAs\":[\"https:\\\/\\\/usedomer-musikfestival.de\"],\"url\":\"https:\\\/\\\/usedomer-musikfestival.de\\\/en\\\/author\\\/susy2space\\\/\"}]}<\/script>\n<!-- \/ Yoast SEO plugin. -->","yoast_head_json":{"title":"Di 19.09.23 Lyrische Begegnung - Usedomer Musikfestival","description":"19.30 Uhr, Ev. Kirche, Mellenthin Trio Fabel Anna G\u0101gane (Klarinette) Kristaps Bergs (Violoncello) Linda Leine (Klavier)","robots":{"index":"index","follow":"follow","max-snippet":"max-snippet:-1","max-image-preview":"max-image-preview:large","max-video-preview":"max-video-preview:-1"},"canonical":"https:\/\/usedomer-musikfestival.de\/en\/di-19-09-23-lyrische-begegnung\/","og_locale":"en_US","og_type":"article","og_title":"Di 19.09.23 Lyrische Begegnung - Usedomer Musikfestival","og_description":"19.30 Uhr, Ev. Kirche, Mellenthin Trio Fabel Anna G\u0101gane (Klarinette) Kristaps Bergs (Violoncello) Linda Leine (Klavier)","og_url":"https:\/\/usedomer-musikfestival.de\/en\/di-19-09-23-lyrische-begegnung\/","og_site_name":"Usedomer Musikfestival","article_publisher":"https:\/\/www.facebook.com\/UsedomerMusikfestival","article_published_time":"2022-09-19T18:01:28+00:00","article_modified_time":"2023-07-14T18:29:52+00:00","og_image":[{"width":2292,"height":2292,"url":"https:\/\/usedomer-musikfestival.de\/wp-content\/uploads\/2022\/09\/Usedomer-Musikfestival-2023_09-19_Lyrische-Begegnung.jpg","type":"image\/jpeg"}],"author":"susy2space","twitter_card":"summary_large_image","twitter_misc":{"Written by":"susy2space","Est. reading time":"2 minutes"},"schema":{"@context":"https:\/\/schema.org","@graph":[{"@type":"Article","@id":"https:\/\/usedomer-musikfestival.de\/en\/di-19-09-23-lyrische-begegnung\/#article","isPartOf":{"@id":"https:\/\/usedomer-musikfestival.de\/en\/di-19-09-23-lyrische-begegnung\/"},"author":{"name":"susy2space","@id":"https:\/\/usedomer-musikfestival.de\/en\/#\/schema\/person\/2d6eb8f49627bd29e58eabb40a906ef0"},"headline":"Di 19.09.23 Lyrische Begegnung","datePublished":"2022-09-19T18:01:28+00:00","dateModified":"2023-07-14T18:29:52+00:00","mainEntityOfPage":{"@id":"https:\/\/usedomer-musikfestival.de\/en\/di-19-09-23-lyrische-begegnung\/"},"wordCount":319,"publisher":{"@id":"https:\/\/usedomer-musikfestival.de\/en\/#organization"},"image":{"@id":"https:\/\/usedomer-musikfestival.de\/en\/di-19-09-23-lyrische-begegnung\/#primaryimage"},"thumbnailUrl":"https:\/\/usedomer-musikfestival.de\/wp-content\/uploads\/2022\/09\/Usedomer-Musikfestival-2023_09-19_Lyrische-Begegnung.jpg","articleSection":["2023week1","UMF2023"],"inLanguage":"en-US"},{"@type":"WebPage","@id":"https:\/\/usedomer-musikfestival.de\/en\/di-19-09-23-lyrische-begegnung\/","url":"https:\/\/usedomer-musikfestival.de\/en\/di-19-09-23-lyrische-begegnung\/","name":"Di 19.09.23 Lyrische Begegnung - Usedomer Musikfestival","isPartOf":{"@id":"https:\/\/usedomer-musikfestival.de\/en\/#website"},"primaryImageOfPage":{"@id":"https:\/\/usedomer-musikfestival.de\/en\/di-19-09-23-lyrische-begegnung\/#primaryimage"},"image":{"@id":"https:\/\/usedomer-musikfestival.de\/en\/di-19-09-23-lyrische-begegnung\/#primaryimage"},"thumbnailUrl":"https:\/\/usedomer-musikfestival.de\/wp-content\/uploads\/2022\/09\/Usedomer-Musikfestival-2023_09-19_Lyrische-Begegnung.jpg","datePublished":"2022-09-19T18:01:28+00:00","dateModified":"2023-07-14T18:29:52+00:00","description":"19.30 Uhr, Ev. Kirche, Mellenthin Trio Fabel Anna G\u0101gane (Klarinette) Kristaps Bergs (Violoncello) Linda Leine (Klavier)","breadcrumb":{"@id":"https:\/\/usedomer-musikfestival.de\/en\/di-19-09-23-lyrische-begegnung\/#breadcrumb"},"inLanguage":"en-US","potentialAction":[{"@type":"ReadAction","target":["https:\/\/usedomer-musikfestival.de\/en\/di-19-09-23-lyrische-begegnung\/"]}]},{"@type":"ImageObject","inLanguage":"en-US","@id":"https:\/\/usedomer-musikfestival.de\/en\/di-19-09-23-lyrische-begegnung\/#primaryimage","url":"https:\/\/usedomer-musikfestival.de\/wp-content\/uploads\/2022\/09\/Usedomer-Musikfestival-2023_09-19_Lyrische-Begegnung.jpg","contentUrl":"https:\/\/usedomer-musikfestival.de\/wp-content\/uploads\/2022\/09\/Usedomer-Musikfestival-2023_09-19_Lyrische-Begegnung.jpg","width":2292,"height":2292},{"@type":"BreadcrumbList","@id":"https:\/\/usedomer-musikfestival.de\/en\/di-19-09-23-lyrische-begegnung\/#breadcrumb","itemListElement":[{"@type":"ListItem","position":1,"name":"Home","item":"https:\/\/usedomer-musikfestival.de\/en\/umf2026\/"},{"@type":"ListItem","position":2,"name":"Di 19.09.23 Lyrische Begegnung"}]},{"@type":"WebSite","@id":"https:\/\/usedomer-musikfestival.de\/en\/#website","url":"https:\/\/usedomer-musikfestival.de\/en\/","name":"Usedomer Musikfestival","description":"Usedomer Musikfestival","publisher":{"@id":"https:\/\/usedomer-musikfestival.de\/en\/#organization"},"potentialAction":[{"@type":"SearchAction","target":{"@type":"EntryPoint","urlTemplate":"https:\/\/usedomer-musikfestival.de\/en\/?s={search_term_string}"},"query-input":{"@type":"PropertyValueSpecification","valueRequired":true,"valueName":"search_term_string"}}],"inLanguage":"en-US"},{"@type":"Organization","@id":"https:\/\/usedomer-musikfestival.de\/en\/#organization","name":"Usedomer Musikfestival","url":"https:\/\/usedomer-musikfestival.de\/en\/","logo":{"@type":"ImageObject","inLanguage":"en-US","@id":"https:\/\/usedomer-musikfestival.de\/en\/#\/schema\/logo\/image\/","url":"https:\/\/usedomer-musikfestival.de\/wp-content\/uploads\/2022\/12\/SP_Logo_UMF-LogoUMF_freigestellt_weiss-oqkde962mwtav90ty28stg21s7xo13evdk91ftj49y.png","contentUrl":"https:\/\/usedomer-musikfestival.de\/wp-content\/uploads\/2022\/12\/SP_Logo_UMF-LogoUMF_freigestellt_weiss-oqkde962mwtav90ty28stg21s7xo13evdk91ftj49y.png","width":200,"height":87,"caption":"Usedomer Musikfestival"},"image":{"@id":"https:\/\/usedomer-musikfestival.de\/en\/#\/schema\/logo\/image\/"},"sameAs":["https:\/\/www.facebook.com\/UsedomerMusikfestival"]},{"@type":"Person","@id":"https:\/\/usedomer-musikfestival.de\/en\/#\/schema\/person\/2d6eb8f49627bd29e58eabb40a906ef0","name":"susy2space","image":{"@type":"ImageObject","inLanguage":"en-US","@id":"https:\/\/secure.gravatar.com\/avatar\/d425260aab5953f794dbaf8c970b4741614b7a563b1eea45d90cda5e2561353a?s=96&d=mm&r=g","url":"https:\/\/secure.gravatar.com\/avatar\/d425260aab5953f794dbaf8c970b4741614b7a563b1eea45d90cda5e2561353a?s=96&d=mm&r=g","contentUrl":"https:\/\/secure.gravatar.com\/avatar\/d425260aab5953f794dbaf8c970b4741614b7a563b1eea45d90cda5e2561353a?s=96&d=mm&r=g","caption":"susy2space"},"sameAs":["https:\/\/usedomer-musikfestival.de"],"url":"https:\/\/usedomer-musikfestival.de\/en\/author\/susy2space\/"}]}},"_links":{"self":[{"href":"https:\/\/usedomer-musikfestival.de\/en\/wp-json\/wp\/v2\/posts\/10732","targetHints":{"allow":["GET"]}}],"collection":[{"href":"https:\/\/usedomer-musikfestival.de\/en\/wp-json\/wp\/v2\/posts"}],"about":[{"href":"https:\/\/usedomer-musikfestival.de\/en\/wp-json\/wp\/v2\/types\/post"}],"author":[{"embeddable":true,"href":"https:\/\/usedomer-musikfestival.de\/en\/wp-json\/wp\/v2\/users\/1"}],"replies":[{"embeddable":true,"href":"https:\/\/usedomer-musikfestival.de\/en\/wp-json\/wp\/v2\/comments?post=10732"}],"version-history":[{"count":2,"href":"https:\/\/usedomer-musikfestival.de\/en\/wp-json\/wp\/v2\/posts\/10732\/revisions"}],"predecessor-version":[{"id":10734,"href":"https:\/\/usedomer-musikfestival.de\/en\/wp-json\/wp\/v2\/posts\/10732\/revisions\/10734"}],"wp:featuredmedia":[{"embeddable":true,"href":"https:\/\/usedomer-musikfestival.de\/en\/wp-json\/wp\/v2\/media\/9669"}],"wp:attachment":[{"href":"https:\/\/usedomer-musikfestival.de\/en\/wp-json\/wp\/v2\/media?parent=10732"}],"wp:term":[{"taxonomy":"category","embeddable":true,"href":"https:\/\/usedomer-musikfestival.de\/en\/wp-json\/wp\/v2\/categories?post=10732"},{"taxonomy":"post_tag","embeddable":true,"href":"https:\/\/usedomer-musikfestival.de\/en\/wp-json\/wp\/v2\/tags?post=10732"}],"curies":[{"name":"wp","href":"https:\/\/api.w.org\/{rel}","templated":true}]}}